{"id":393,"date":"2019-01-01T15:04:28","date_gmt":"2019-01-01T14:04:28","guid":{"rendered":"http:\/\/www.arca-valognes.fr\/?p=393"},"modified":"2023-07-20T23:54:26","modified_gmt":"2023-07-20T21:54:26","slug":"2018-annee-dense-et-pleine-de-succes-grace-a-chacun-de-vous","status":"publish","type":"post","link":"https:\/\/www.arca-valognes.fr\/index.php\/2019\/01\/01\/2018-annee-dense-et-pleine-de-succes-grace-a-chacun-de-vous\/","title":{"rendered":"2018, ann\u00e9e dense et pleine de succ\u00e8s, gr\u00e2ce \u00e0 chacun de vous"},"content":{"rendered":"<p>Chers amis, chers d\u00e9fenseurs du patrimoine, chers passionn\u00e9s,<\/p>\n<p>&nbsp;<\/p>\n<p>Gr\u00e2ce \u00e0 chacun de vous, gr\u00e2ce \u00e0 vos encouragements, votre soutien financier, et votre participation aux \u00e9v\u00e9nements que nous organisions, l&rsquo;ARCA a r\u00e9ussi une seconde \u00e9tape. Apr\u00e8s avoir sign\u00e9 avec le Centre Hospitalier et la fondation du patrimoine la convention en 2016, nous avons cette ann\u00e9e 2018 atteint le double objectif de collecte de fond et d&rsquo;enclencher les travaux.\u00a0 Sur la base du plan de financement pr\u00e9sent\u00e9 par l&rsquo;ARCA en juillet, l&rsquo;h\u00f4pital a lanc\u00e9 le processus pour s\u00e9lectionner un architecte pour la matrise d&rsquo;\u0153uvre de la phase une et a fait son choix. Le<span style=\"text-indent: 0em;\">s \u00e9tudes sont en cours et nous vous tiendrons bien-s\u00fbr inform\u00e9s de l&rsquo;avanc\u00e9e.\u00a0<\/span><\/p>\n<p>L&rsquo;atteinte de ce double objectif permet d&rsquo;assoir notre cr\u00e9dibilit\u00e9, gr\u00e2ce \u00e0 vous. Nous avons pu prouver notre dynamisme, notre capacit\u00e9 \u00e0 f\u00e9d\u00e9rer autour du projet, nos comp\u00e9tences, mais aussi \u00e0 cr\u00e9er une dynamique de collecte de fonds. La presse nous connait, parle de nous et nous demande des informations.<\/p>\n<p>Mais le travail est loin d&rsquo;\u00eatre fini. C&rsquo;est fort de notre premier succ\u00e8s que nous entamons notre travail sur la phase 2, avant bien-s\u00fbr la 3. En premier lieu notre travail est de red\u00e9marrer une dynamique de collecte de fond. Cela prend du temps c&rsquo;est pour cela que nous lan\u00e7ons ce travail en parall\u00e8le des \u00e9tudes et des travaux de la phase 1.<\/p>\n<p>Le travail est loin d&rsquo;\u00eatre fini certes, mais ce que l&rsquo;ARCA a r\u00e9ussi gr\u00e2ce \u00e0 vous, \u00e0 vos id\u00e9es, \u00e0 votre soutien moral ou financier en 2 ans est consid\u00e9rable. Pour \u00eatre honn\u00eate avec vous, je pensais qu&rsquo;il nous faudrait un an de plus, merci \u00e0 tous de m&rsquo;avoir donn\u00e9 tort!<\/p>\n<p>Il reste \u00e0 trouver environ 150 000 \u20ac, c&rsquo;est \u00e0 dire 150 X 1 000 \u20ac, ou 1 500 X 100 \u20ac ou 15 000 X 10 \u20ac.<\/p>\n<p>Nous avons de nouveaux projets pour 2019, projets pour nous faire conna\u00eetre \u00e0 plus de personnes, varier nos activit\u00e9s. Nous continuerons \u00e0 ouvrir aux journ\u00e9es europ\u00e9ennes du patrimoine notamment et lors d&rsquo;\u00e9v\u00e9nements particuliers.<\/p>\n<p>Je terminerai en vous disant que chacun peut apporter sa pierre pour la restauration, il n&rsquo;y a pas de petite contribution. Si l&rsquo;on donne 10\u20ac, vous me direz que l&rsquo;on ne va aller pas loin. Je vous r\u00e9pondrai qu&rsquo;avec 10\u20ac, c&rsquo;est 100\u20ac que nous pouvons avoir car il suffit que vous parlez de nous \u00e0 9 autres personnes qui fassent comme vous. Oui, 10\u20ac (ou plus si vous le d\u00e9sirez bien-s\u00fbr on ne dira pas non) et parler de nous autour de vous c&rsquo;est prendre pleinement part \u00e0 cette aventure de pr\u00e9servation de notre patrimoine.<\/p>\n<p>Chers amis je vous souhaite un Joyeux No\u00ebl, une bonne ann\u00e9e 2019, au cours de laquelle nous aurons la joie de vous montrer concr\u00e8tement ce que vous avez particip\u00e9 \u00e0 faire.<\/p>\n<p>&nbsp;<\/p>\n<p>Jean-Hilaire Coulomb<\/p>\n<p>Pr\u00e9sident de l&rsquo;ARCA<\/p>\n<p>&nbsp;<\/p>\n","protected":false},"excerpt":{"rendered":"<p>Chers amis, chers d\u00e9fenseurs du patrimoine, chers passionn\u00e9s, &nbsp; Gr\u00e2ce \u00e0 chacun de vous, gr\u00e2ce \u00e0 vos encouragements, votre soutien financier, et votre participation aux \u00e9v\u00e9nements que nous organisions, l&rsquo;ARCA a r\u00e9ussi une seconde \u00e9tape. Apr\u00e8s avoir sign\u00e9 avec le Centre Hospitalier et la fondation du patrimoine la convention en &hellip;<\/p>\n","protected":false},"author":3,"featured_media":0,"comment_status":"closed","ping_status":"closed","sticky":false,"template":"","format":"standard","meta":[],"categories":[5],"tags":[],"_links":{"self":[{"href":"https:\/\/www.arca-valognes.fr\/index.php\/wp-json\/wp\/v2\/posts\/393"}],"collection":[{"href":"https:\/\/www.arca-valognes.fr\/index.php\/wp-json\/wp\/v2\/posts"}],"about":[{"href":"https:\/\/www.arca-valognes.fr\/index.php\/wp-json\/wp\/v2\/types\/post"}],"author":[{"embeddable":true,"href":"https:\/\/www.arca-valognes.fr\/index.php\/wp-json\/wp\/v2\/users\/3"}],"replies":[{"embeddable":true,"href":"https:\/\/www.arca-valognes.fr\/index.php\/wp-json\/wp\/v2\/comments?post=393"}],"version-history":[{"count":4,"href":"https:\/\/www.arca-valognes.fr\/index.php\/wp-json\/wp\/v2\/posts\/393\/revisions"}],"predecessor-version":[{"id":397,"href":"https:\/\/www.arca-valognes.fr\/index.php\/wp-json\/wp\/v2\/posts\/393\/revisions\/397"}],"wp:attachment":[{"href":"https:\/\/www.arca-valognes.fr\/index.php\/wp-json\/wp\/v2\/media?parent=393"}],"wp:term":[{"taxonomy":"category","embeddable":true,"href":"https:\/\/www.arca-valognes.fr\/index.php\/wp-json\/wp\/v2\/categories?post=393"},{"taxonomy":"post_tag","embeddable":true,"href":"https:\/\/www.arca-valognes.fr\/index.php\/wp-json\/wp\/v2\/tags?post=393"}],"curies":[{"name":"wp","href":"https:\/\/api.w.org\/{rel}","templated":true}]}}