{"id":416,"date":"2019-07-03T13:37:01","date_gmt":"2019-07-03T11:37:01","guid":{"rendered":"http:\/\/www.arca-valognes.fr\/?p=416"},"modified":"2023-07-20T23:54:00","modified_gmt":"2023-07-20T21:54:00","slug":"participation-a-la-nuit-des-eglises-un-succes-pour-larca-et-les-visiteurs","status":"publish","type":"post","link":"https:\/\/www.arca-valognes.fr\/index.php\/2019\/07\/03\/participation-a-la-nuit-des-eglises-un-succes-pour-larca-et-les-visiteurs\/","title":{"rendered":"Participation a la nuit des \u00e9glises, un succ\u00e8s pour l&rsquo;ARCA et les visiteurs"},"content":{"rendered":"<p>Ce sont en tout 150 personnes environ qui sont venus visiter l&rsquo;exposition et assister au concert ce weekend pour notre premi\u00e8re participation \u00e0 la nuit des \u00e9glises.<\/p>\n<p><img decoding=\"async\" loading=\"lazy\" class=\"aligncenter size-medium wp-image-418\" src=\"https:\/\/www.arca-valognes.fr\/wp-content\/uploads\/2019\/07\/IMG_20190630_170008-300x225.jpg\" alt=\"\" width=\"300\" height=\"225\" srcset=\"https:\/\/www.arca-valognes.fr\/wp-content\/uploads\/2019\/07\/IMG_20190630_170008-300x225.jpg 300w, https:\/\/www.arca-valognes.fr\/wp-content\/uploads\/2019\/07\/IMG_20190630_170008-768x576.jpg 768w, https:\/\/www.arca-valognes.fr\/wp-content\/uploads\/2019\/07\/IMG_20190630_170008-1024x768.jpg 1024w, https:\/\/www.arca-valognes.fr\/wp-content\/uploads\/2019\/07\/IMG_20190630_170008-267x200.jpg 267w\" sizes=\"(max-width: 300px) 100vw, 300px\" \/><\/p>\n<p>Un succ\u00e8s de taille pour notre premi\u00e8re participation a cet \u00e9v\u00e9nement. Ind\u00e9pendamment des recettes qui iront \u00e0la restauration de la chapelle c&rsquo;est une belle tribune que nous avons eu, tant aupr\u00e8s des personnes venues que par biais de presse.<\/p>\n<p><img decoding=\"async\" loading=\"lazy\" class=\"aligncenter size-medium wp-image-417\" src=\"https:\/\/www.arca-valognes.fr\/wp-content\/uploads\/2019\/07\/image-1-300x214.png\" alt=\"\" width=\"300\" height=\"214\" srcset=\"https:\/\/www.arca-valognes.fr\/wp-content\/uploads\/2019\/07\/image-1-300x214.png 300w, https:\/\/www.arca-valognes.fr\/wp-content\/uploads\/2019\/07\/image-1-768x548.png 768w, https:\/\/www.arca-valognes.fr\/wp-content\/uploads\/2019\/07\/image-1-1024x730.png 1024w, https:\/\/www.arca-valognes.fr\/wp-content\/uploads\/2019\/07\/image-1-281x200.png 281w, https:\/\/www.arca-valognes.fr\/wp-content\/uploads\/2019\/07\/image-1.png 1122w\" sizes=\"(max-width: 300px) 100vw, 300px\" \/><\/p>\n<p>Un grand merci aux nombreux b\u00e9n\u00e9voles pour leur d\u00e9vouement et leur temps qu&rsquo;ils n&rsquo;ont pas compt\u00e9.<\/p>\n<p>Bravo bien \u00e9videmment aux concertistes Graziella Roger et Vincent Frieden qui ont su susciter l&rsquo;enthousiasme des personnes pr\u00e9sentes.<\/p>\n","protected":false},"excerpt":{"rendered":"<p>Ce sont en tout 150 personnes environ qui sont venus visiter l&rsquo;exposition et assister au concert ce weekend pour notre premi\u00e8re participation \u00e0 la nuit des \u00e9glises. Un succ\u00e8s de taille pour notre premi\u00e8re participation a cet \u00e9v\u00e9nement. Ind\u00e9pendamment des recettes qui iront \u00e0la restauration de la chapelle c&rsquo;est une &hellip;<\/p>\n","protected":false},"author":3,"featured_media":0,"comment_status":"closed","ping_status":"closed","sticky":false,"template":"","format":"standard","meta":[],"categories":[5,6],"tags":[],"_links":{"self":[{"href":"https:\/\/www.arca-valognes.fr\/index.php\/wp-json\/wp\/v2\/posts\/416"}],"collection":[{"href":"https:\/\/www.arca-valognes.fr\/index.php\/wp-json\/wp\/v2\/posts"}],"about":[{"href":"https:\/\/www.arca-valognes.fr\/index.php\/wp-json\/wp\/v2\/types\/post"}],"author":[{"embeddable":true,"href":"https:\/\/www.arca-valognes.fr\/index.php\/wp-json\/wp\/v2\/users\/3"}],"replies":[{"embeddable":true,"href":"https:\/\/www.arca-valognes.fr\/index.php\/wp-json\/wp\/v2\/comments?post=416"}],"version-history":[{"count":1,"href":"https:\/\/www.arca-valognes.fr\/index.php\/wp-json\/wp\/v2\/posts\/416\/revisions"}],"predecessor-version":[{"id":419,"href":"https:\/\/www.arca-valognes.fr\/index.php\/wp-json\/wp\/v2\/posts\/416\/revisions\/419"}],"wp:attachment":[{"href":"https:\/\/www.arca-valognes.fr\/index.php\/wp-json\/wp\/v2\/media?parent=416"}],"wp:term":[{"taxonomy":"category","embeddable":true,"href":"https:\/\/www.arca-valognes.fr\/index.php\/wp-json\/wp\/v2\/categories?post=416"},{"taxonomy":"post_tag","embeddable":true,"href":"https:\/\/www.arca-valognes.fr\/index.php\/wp-json\/wp\/v2\/tags?post=416"}],"curies":[{"name":"wp","href":"https:\/\/api.w.org\/{rel}","templated":true}]}}