{"id":420,"date":"2019-08-30T15:08:13","date_gmt":"2019-08-30T13:08:13","guid":{"rendered":"http:\/\/www.arca-valognes.fr\/?p=420"},"modified":"2023-07-20T23:53:56","modified_gmt":"2023-07-20T21:53:56","slug":"concert-de-lorchestre-regional-de-normandie-le-vendredi-20-septembre-2019","status":"publish","type":"post","link":"https:\/\/www.arca-valognes.fr\/index.php\/2019\/08\/30\/concert-de-lorchestre-regional-de-normandie-le-vendredi-20-septembre-2019\/","title":{"rendered":"Concert de l&rsquo;Orchestre R\u00e9gional de Normandie le vendredi 20 Septembre 2019"},"content":{"rendered":"<p><span style=\"color: #000000;\">Nous avons l\u2019immense chance d\u2019accueillir cette ann\u00e9e encore dans le cadre des journ\u00e9es du patrimoine l\u2019Orchestre R\u00e9gional de Normandie le vendredi 20 Septembre \u00e0 20h30. Comme l\u2019an pass\u00e9 ce sera pour chacun l\u2019occasion d\u2019entendre un concert exceptionnel dans un lieu magnifique et charg\u00e9 d\u2019histoire.<\/span><\/p>\n<p><img decoding=\"async\" loading=\"lazy\" class=\"aligncenter size-medium wp-image-421\" src=\"https:\/\/www.arca-valognes.fr\/wp-content\/uploads\/2019\/08\/image-213x300.png\" alt=\"\" width=\"213\" height=\"300\" srcset=\"https:\/\/www.arca-valognes.fr\/wp-content\/uploads\/2019\/08\/image-213x300.png 213w, https:\/\/www.arca-valognes.fr\/wp-content\/uploads\/2019\/08\/image-142x200.png 142w, https:\/\/www.arca-valognes.fr\/wp-content\/uploads\/2019\/08\/image.png 648w\" sizes=\"(max-width: 213px) 100vw, 213px\" \/><\/p>\n<p><span style=\"color: #000000;\">Gr\u00e2ce aux efforts des membres de l\u2019association ARCA qui travaille \u00e0 la restauration mais aussi l\u2019aide du Pays d\u2019Art et d\u2019Histoire du Clos du Cotentin et de la Fondation du Patrimoine\u00a0\u00a0<\/span><span style=\"color: #000000;\">les \u00e9v\u00e9nements organis\u00e9s nous ont donn\u00e9 les financements suffisants pour d\u00e9marrer les travaux d\u2019urgence de sauvegarde de ce joyau de notre beau Cotentin. Mais c&rsquo;est aussi gr\u00e2ce \u00e0 vous tous que nous avons pu avancer.<\/span><\/p>\n<p><span style=\"color: #000000;\">Le CHPC, propri\u00e9taire des lieux, a d\u00e9j\u00e0 s\u00e9lectionn\u00e9 un architecte et va lancer une premi\u00e8re partie des travaux d\u2019urgence. Il ne manque que 10\u00a0000 \u20ac pour arriver \u00e0 emp\u00eacher de nouveaux d\u00e9g\u00e2ts. Le diagnostic de l\u2019architecte nous ont fait voir qu\u2019il y avait plus de travail que pr\u00e9vu d\u2019o\u00f9 cette nouvelle sollicitation. Nous avons d\u00e9j\u00e0 collect\u00e9 plus de 40\u00a0000 \u20ac par les dons, les fondations et les \u00e9v\u00e9nements. Nous y sommes presque\u00a0!<\/span><\/p>\n<p><span style=\"color: #000000;\">C\u2019est pour la pr\u00e9servation de cet \u00e9l\u00e9ment de patrimoine de notre beau Cotentin que nous proposerons \u00e0 tous de participer \u00e0 la restauration de cette magnifique \u00e9glise abbatiale dans laquelle se d\u00e9roulera le concert par une contribution libre, car l\u2019entr\u00e9e sera libre \u00e9galement.<\/span><\/p>\n<p><span style=\"color: #000000;\">N&rsquo;oubliez pas que pour nous soutenir il est possible d&rsquo;adh\u00e9rer \u00e0 l&rsquo;association. Cela\u00a0nous permet de continuer \u00e0 avoir la cr\u00e9dibilit\u00e9 vis \u00e0 vis du CHPC mais aussi\u00a0des diff\u00e9rentes\u00a0fondations, et cela pour seulement 10 \u20ac par an. Un formulaire d&rsquo;adh\u00e9sion en ligne est disponible\u00a0<a href=\"https:\/\/www.arca-valognes.fr\/index.php\/adhesion-2019\/\" target=\"_blank\" rel=\"noopener noreferrer\" data-saferedirecturl=\"https:\/\/www.google.com\/url?q=https:\/\/www.arca-valognes.fr\/index.php\/adhesion-2019\/&amp;source=gmail&amp;ust=1567256592128000&amp;usg=AFQjCNEtHIRB5Q2RyWq3-zmn1uCT_QOaDg\">ICI<\/a>.<\/span><\/p>\n<p><span style=\"color: #000000;\">Vous pouvez suivre les activit\u00e9s de l\u2019association sur\u00a0<\/span><a href=\"https:\/\/www.arca-valognes.fr\/\" target=\"_blank\" rel=\"noopener noreferrer\" data-saferedirecturl=\"https:\/\/www.google.com\/url?q=https:\/\/www.arca-valognes.fr\/&amp;source=gmail&amp;ust=1567256592128000&amp;usg=AFQjCNEd0ZgH-BKEFkwSMnBRUNdMjTr8_Q\"><span style=\"color: #0000ff;\">www.arca-valognes.fr<\/span><\/a><span style=\"color: #000000;\">\u00a0et soutenir le projet en donnant contre re\u00e7u fiscal sur\u00a0<\/span><a href=\"https:\/\/www.fondation-patrimoine.org\/les-projets\/chapelle-de-l-ancienne-abbaye-royale-valognes\" target=\"_blank\" rel=\"noopener noreferrer\" data-saferedirecturl=\"https:\/\/www.google.com\/url?q=https:\/\/www.fondation-patrimoine.org\/les-projets\/chapelle-de-l-ancienne-abbaye-royale-valognes&amp;source=gmail&amp;ust=1567256592128000&amp;usg=AFQjCNHvsqfZ8ghYKhTftYVE0jJ4RhUkEQ\"><span style=\"color: #0000ff;\">https:\/\/www.fondation-<wbr \/>patrimoine.org\/les-projets\/<wbr \/>chapelle-de-l-ancienne-abbaye-<wbr \/>royale-valognes<\/span><\/a><span style=\"color: #000000;\">.<\/span><\/p>\n<p><span style=\"color: #000000;\">En comptant sur votre pr\u00e9sence nombreux pour entendre le concert, nous nous tenons \u00e0 votre disposition pour tout renseignement ou information.<\/span><\/p>\n","protected":false},"excerpt":{"rendered":"<p>Nous avons l\u2019immense chance d\u2019accueillir cette ann\u00e9e encore dans le cadre des journ\u00e9es du patrimoine l\u2019Orchestre R\u00e9gional de Normandie le vendredi 20 Septembre \u00e0 20h30. Comme l\u2019an pass\u00e9 ce sera pour chacun l\u2019occasion d\u2019entendre un concert exceptionnel dans un lieu magnifique et charg\u00e9 d\u2019histoire. Gr\u00e2ce aux efforts des membres de &hellip;<\/p>\n","protected":false},"author":3,"featured_media":0,"comment_status":"closed","ping_status":"closed","sticky":false,"template":"","format":"standard","meta":[],"categories":[5,6],"tags":[],"_links":{"self":[{"href":"https:\/\/www.arca-valognes.fr\/index.php\/wp-json\/wp\/v2\/posts\/420"}],"collection":[{"href":"https:\/\/www.arca-valognes.fr\/index.php\/wp-json\/wp\/v2\/posts"}],"about":[{"href":"https:\/\/www.arca-valognes.fr\/index.php\/wp-json\/wp\/v2\/types\/post"}],"author":[{"embeddable":true,"href":"https:\/\/www.arca-valognes.fr\/index.php\/wp-json\/wp\/v2\/users\/3"}],"replies":[{"embeddable":true,"href":"https:\/\/www.arca-valognes.fr\/index.php\/wp-json\/wp\/v2\/comments?post=420"}],"version-history":[{"count":1,"href":"https:\/\/www.arca-valognes.fr\/index.php\/wp-json\/wp\/v2\/posts\/420\/revisions"}],"predecessor-version":[{"id":422,"href":"https:\/\/www.arca-valognes.fr\/index.php\/wp-json\/wp\/v2\/posts\/420\/revisions\/422"}],"wp:attachment":[{"href":"https:\/\/www.arca-valognes.fr\/index.php\/wp-json\/wp\/v2\/media?parent=420"}],"wp:term":[{"taxonomy":"category","embeddable":true,"href":"https:\/\/www.arca-valognes.fr\/index.php\/wp-json\/wp\/v2\/categories?post=420"},{"taxonomy":"post_tag","embeddable":true,"href":"https:\/\/www.arca-valognes.fr\/index.php\/wp-json\/wp\/v2\/tags?post=420"}],"curies":[{"name":"wp","href":"https:\/\/api.w.org\/{rel}","templated":true}]}}