{"id":467,"date":"2022-07-28T16:32:05","date_gmt":"2022-07-28T14:32:05","guid":{"rendered":"http:\/\/www.arca-valognes.fr\/?p=467"},"modified":"2023-07-20T23:49:58","modified_gmt":"2023-07-20T21:49:58","slug":"concert-orchestre-regional-de-normandie-vendredi-16-septembre-2022-20h30","status":"publish","type":"post","link":"https:\/\/www.arca-valognes.fr\/index.php\/2022\/07\/28\/concert-orchestre-regional-de-normandie-vendredi-16-septembre-2022-20h30\/","title":{"rendered":"Concert orchestre r\u00e9gional de Normandie vendredi 16 septembre 2022 20h30"},"content":{"rendered":"<p>Le pays d&rsquo;art et d&rsquo;histoire du Clos du Cotentin nous fait la joie d&rsquo;organiser un concert avec l&rsquo;orchestre r\u00e9gional de Normandie a la chapelle de l&rsquo;h\u00f4pital.<\/p>\n<p>L&rsquo;occasion d&rsquo;\u00e9couter Sonates de Bach dans le cadre magnifique de cette chapelle.<\/p>\n<p><img decoding=\"async\" loading=\"lazy\" class=\"aligncenter size-medium wp-image-468\" src=\"https:\/\/www.arca-valognes.fr\/wp-content\/uploads\/2022\/07\/Affiche-orcherstre-r\u00e9gional-2022_b-212x300.jpg\" alt=\"\" width=\"212\" height=\"300\" srcset=\"https:\/\/www.arca-valognes.fr\/wp-content\/uploads\/2022\/07\/Affiche-orcherstre-r\u00e9gional-2022_b-212x300.jpg 212w, https:\/\/www.arca-valognes.fr\/wp-content\/uploads\/2022\/07\/Affiche-orcherstre-r\u00e9gional-2022_b-768x1086.jpg 768w, https:\/\/www.arca-valognes.fr\/wp-content\/uploads\/2022\/07\/Affiche-orcherstre-r\u00e9gional-2022_b-724x1024.jpg 724w, https:\/\/www.arca-valognes.fr\/wp-content\/uploads\/2022\/07\/Affiche-orcherstre-r\u00e9gional-2022_b-141x200.jpg 141w\" sizes=\"(max-width: 212px) 100vw, 212px\" \/><\/p>\n","protected":false},"excerpt":{"rendered":"<p>Le pays d&rsquo;art et d&rsquo;histoire du Clos du Cotentin nous fait la joie d&rsquo;organiser un concert avec l&rsquo;orchestre r\u00e9gional de Normandie a la chapelle de l&rsquo;h\u00f4pital. L&rsquo;occasion d&rsquo;\u00e9couter Sonates de Bach dans le cadre magnifique de cette chapelle.<\/p>\n","protected":false},"author":3,"featured_media":0,"comment_status":"closed","ping_status":"closed","sticky":false,"template":"","format":"standard","meta":[],"categories":[1],"tags":[],"_links":{"self":[{"href":"https:\/\/www.arca-valognes.fr\/index.php\/wp-json\/wp\/v2\/posts\/467"}],"collection":[{"href":"https:\/\/www.arca-valognes.fr\/index.php\/wp-json\/wp\/v2\/posts"}],"about":[{"href":"https:\/\/www.arca-valognes.fr\/index.php\/wp-json\/wp\/v2\/types\/post"}],"author":[{"embeddable":true,"href":"https:\/\/www.arca-valognes.fr\/index.php\/wp-json\/wp\/v2\/users\/3"}],"replies":[{"embeddable":true,"href":"https:\/\/www.arca-valognes.fr\/index.php\/wp-json\/wp\/v2\/comments?post=467"}],"version-history":[{"count":1,"href":"https:\/\/www.arca-valognes.fr\/index.php\/wp-json\/wp\/v2\/posts\/467\/revisions"}],"predecessor-version":[{"id":469,"href":"https:\/\/www.arca-valognes.fr\/index.php\/wp-json\/wp\/v2\/posts\/467\/revisions\/469"}],"wp:attachment":[{"href":"https:\/\/www.arca-valognes.fr\/index.php\/wp-json\/wp\/v2\/media?parent=467"}],"wp:term":[{"taxonomy":"category","embeddable":true,"href":"https:\/\/www.arca-valognes.fr\/index.php\/wp-json\/wp\/v2\/categories?post=467"},{"taxonomy":"post_tag","embeddable":true,"href":"https:\/\/www.arca-valognes.fr\/index.php\/wp-json\/wp\/v2\/tags?post=467"}],"curies":[{"name":"wp","href":"https:\/\/api.w.org\/{rel}","templated":true}]}}