{"id":473,"date":"2023-01-05T12:35:26","date_gmt":"2023-01-05T11:35:26","guid":{"rendered":"http:\/\/www.arca-valognes.fr\/?p=473"},"modified":"2023-07-20T23:49:53","modified_gmt":"2023-07-20T21:49:53","slug":"voeux-2023","status":"publish","type":"post","link":"https:\/\/www.arca-valognes.fr\/index.php\/2023\/01\/05\/voeux-2023\/","title":{"rendered":"Voeux 2023"},"content":{"rendered":"<p>Chers amis adh\u00e9rents, chers amis bienfaiteurs.<\/p>\n<p>Permettez-nous en ce d\u00e9but d&rsquo;ann\u00e9e de vous souhaiter une excellente ann\u00e9e 2023 ainsi qu&rsquo;\u00e0 vos familles.<\/p>\n<p>Il est de coutume pour la nouvelle ann\u00e9e que le bureau d&rsquo;une association fasse un \u00e9dito. C&rsquo;est une coutume \u00e0 laquelle nous nous plions bien volontiers comme chaque ann\u00e9e, car c\u2019est l&rsquo;occasion de vous parler de nos projets.<\/p>\n<p>2022 a \u00e9t\u00e9 marqu\u00e9e par la reprise de nos activit\u00e9s publiques. En effet, m\u00eame si l&rsquo;association a continu\u00e9 \u00e0 travailler pour collecter des fonds pour notre seconde phase de travaux ces derni\u00e8res ann\u00e9es, en 2022 nous avons repris l&rsquo;ouverture pour les journ\u00e9es Europ\u00e9ennes du patrimoine, les concerts et notre march\u00e9 de No\u00ebl. Autant d&rsquo;opportunit\u00e9s pour collecter des fonds et parler du projet et de souligner le grand succ\u00e8s de la premi\u00e8re phase des travaux.<\/p>\n<p>2023 sera je l&rsquo;esp\u00e8re marqu\u00e9e par le d\u00e9marrage d&rsquo;une nouvelle souscription de la Fondation du Patrimoine sur laquelle l&rsquo;association a commenc\u00e9 \u00e0 travailler en 2022.<\/p>\n<p>En effet, la phase deux des travaux concernant la reprise des enduits int\u00e9rieurs n\u00e9cessite approximativement de 130 000 \u20ac \u00e0 150 000 \u20ac.<br \/>\nNos d\u00e9marches pass\u00e9es notamment de demande d\u2019inscription au titre des Monuments historiques de l&rsquo;int\u00e9rieur nous laisse esp\u00e9rer ne devoir trouver le financement que de 60 000 \u00e0 70 000 \u20ac. C&rsquo;est \u00e0 peine plus que ce que nous avons r\u00e9alis\u00e9 en 3 ans pour la phase une, c&rsquo;est donc \u00e0 notre port\u00e9e !<\/p>\n<p>C&rsquo;est fort de ce fait et de notre succ\u00e8s pass\u00e9 que nous travaillons avec l&rsquo;h\u00f4pital pour construire les dossiers.<\/p>\n<p>Encore une fois merci \u00e0 tous pour votre soutien. Merci \u00e0 tous les b\u00e9n\u00e9voles de votre aide pr\u00e9cieuse ! N&rsquo;h\u00e9sitez pas non plus en cette nouvelle ann\u00e9e \u00e0 nous faire part de vos id\u00e9es de collecte de fonds et de nous proposer votre aide si vous le pouvez. Nous recherchons notamment un tr\u00e9sorier adjoint pour la prochaine mandature.<\/p>\n<p>Bien amicalement,<\/p>\n<p>Jean-Hilaire Coulomb<br \/>\nSinikka Gallois<\/p>\n","protected":false},"excerpt":{"rendered":"<p>Chers amis adh\u00e9rents, chers amis bienfaiteurs. Permettez-nous en ce d\u00e9but d&rsquo;ann\u00e9e de vous souhaiter une excellente ann\u00e9e 2023 ainsi qu&rsquo;\u00e0 vos familles. Il est de coutume pour la nouvelle ann\u00e9e que le bureau d&rsquo;une association fasse un \u00e9dito. C&rsquo;est une coutume \u00e0 laquelle nous nous plions bien volontiers comme chaque &hellip;<\/p>\n","protected":false},"author":3,"featured_media":0,"comment_status":"closed","ping_status":"closed","sticky":false,"template":"","format":"standard","meta":[],"categories":[1],"tags":[],"_links":{"self":[{"href":"https:\/\/www.arca-valognes.fr\/index.php\/wp-json\/wp\/v2\/posts\/473"}],"collection":[{"href":"https:\/\/www.arca-valognes.fr\/index.php\/wp-json\/wp\/v2\/posts"}],"about":[{"href":"https:\/\/www.arca-valognes.fr\/index.php\/wp-json\/wp\/v2\/types\/post"}],"author":[{"embeddable":true,"href":"https:\/\/www.arca-valognes.fr\/index.php\/wp-json\/wp\/v2\/users\/3"}],"replies":[{"embeddable":true,"href":"https:\/\/www.arca-valognes.fr\/index.php\/wp-json\/wp\/v2\/comments?post=473"}],"version-history":[{"count":1,"href":"https:\/\/www.arca-valognes.fr\/index.php\/wp-json\/wp\/v2\/posts\/473\/revisions"}],"predecessor-version":[{"id":474,"href":"https:\/\/www.arca-valognes.fr\/index.php\/wp-json\/wp\/v2\/posts\/473\/revisions\/474"}],"wp:attachment":[{"href":"https:\/\/www.arca-valognes.fr\/index.php\/wp-json\/wp\/v2\/media?parent=473"}],"wp:term":[{"taxonomy":"category","embeddable":true,"href":"https:\/\/www.arca-valognes.fr\/index.php\/wp-json\/wp\/v2\/categories?post=473"},{"taxonomy":"post_tag","embeddable":true,"href":"https:\/\/www.arca-valognes.fr\/index.php\/wp-json\/wp\/v2\/tags?post=473"}],"curies":[{"name":"wp","href":"https:\/\/api.w.org\/{rel}","templated":true}]}}